{"id":809,"date":"2018-11-16T16:52:29","date_gmt":"2018-11-16T15:52:29","guid":{"rendered":"https:\/\/www.jonas-sibony.com\/site\/?p=809"},"modified":"2023-03-27T16:31:55","modified_gmt":"2023-03-27T14:31:55","slug":"soiree-conference-histoire-memoire-des-juifs-du-maroc-in-french","status":"publish","type":"post","link":"https:\/\/www.jonas-sibony.com\/site\/2018\/11\/16\/soiree-conference-histoire-memoire-des-juifs-du-maroc-in-french\/","title":{"rendered":"Soir\u00e9e-Conf\u00e9rence Histoire &#038; M\u00e9moire des Juifs du Maroc (in French)"},"content":{"rendered":"\n<h5 class=\"has-text-align-left wp-block-heading\"><strong>15\/11\/2018<\/strong><\/h5>\n\n\n\n<p class=\"has-text-align-left\">Histoire &amp; m\u00e9moire des Juifs du Maroc &#8211; Conf\u00e9rences de Jonas Sibony et Monique Goldberg-Dahan, avec la pr\u00e9sence d&#8217;izzy Genini et la pr\u00e9sentation de son film &#8220;Retour \u00e0 Ouled Moumen&#8221; ainsi que l&#8217;intervention surprise de Fran\u00e7oise Atlan<\/p>\n\n\n\n<figure class=\"wp-block-audio\"><audio controls src=\"https:\/\/www.jonas-sibony.com\/site\/wp-content\/uploads\/2018\/11\/Conf\u00e9rence-Juifs-Maroc-Histoire.m4a\"><\/audio><figcaption class=\"wp-element-caption\">Talk recording<\/figcaption><\/figure>\n\n\n\n<div style=\"height:50px\" aria-hidden=\"true\" class=\"wp-block-spacer\"><\/div>\n\n\n<div class=\"wp-block-image\">\n<figure class=\"aligncenter size-large is-resized\"><img decoding=\"async\" loading=\"lazy\" src=\"https:\/\/www.jonas-sibony.com\/site\/wp-content\/uploads\/2023\/03\/conf-dahan-sibony-725x1024.jpg\" alt=\"\" class=\"wp-image-1180\" width=\"521\" height=\"736\" srcset=\"https:\/\/www.jonas-sibony.com\/site\/wp-content\/uploads\/2023\/03\/conf-dahan-sibony-725x1024.jpg 725w, https:\/\/www.jonas-sibony.com\/site\/wp-content\/uploads\/2023\/03\/conf-dahan-sibony-212x300.jpg 212w, https:\/\/www.jonas-sibony.com\/site\/wp-content\/uploads\/2023\/03\/conf-dahan-sibony.jpg 768w\" sizes=\"(max-width: 521px) 100vw, 521px\" \/><\/figure><\/div>\n\n\n<div style=\"height:30px\" aria-hidden=\"true\" class=\"wp-block-spacer\"><\/div>\n","protected":false},"excerpt":{"rendered":"<p>15\/11\/2018 Histoire &amp; m\u00e9moire des Juifs du Maroc &#8211; Conf\u00e9rences de Jonas Sibony et Monique Goldberg-Dahan, avec la pr\u00e9sence d&#8217;izzy Genini et la pr\u00e9sentation de son film &#8220;Retour \u00e0 Ouled Moumen&#8221; ainsi que l&#8217;intervention surprise de Fran\u00e7oise Atlan<\/p>\n","protected":false},"author":2,"featured_media":0,"comment_status":"closed","ping_status":"closed","sticky":false,"template":"","format":"standard","meta":[],"categories":[32,34],"tags":[],"_links":{"self":[{"href":"https:\/\/www.jonas-sibony.com\/site\/wp-json\/wp\/v2\/posts\/809"}],"collection":[{"href":"https:\/\/www.jonas-sibony.com\/site\/wp-json\/wp\/v2\/posts"}],"about":[{"href":"https:\/\/www.jonas-sibony.com\/site\/wp-json\/wp\/v2\/types\/post"}],"author":[{"embeddable":true,"href":"https:\/\/www.jonas-sibony.com\/site\/wp-json\/wp\/v2\/users\/2"}],"replies":[{"embeddable":true,"href":"https:\/\/www.jonas-sibony.com\/site\/wp-json\/wp\/v2\/comments?post=809"}],"version-history":[{"count":8,"href":"https:\/\/www.jonas-sibony.com\/site\/wp-json\/wp\/v2\/posts\/809\/revisions"}],"predecessor-version":[{"id":1202,"href":"https:\/\/www.jonas-sibony.com\/site\/wp-json\/wp\/v2\/posts\/809\/revisions\/1202"}],"wp:attachment":[{"href":"https:\/\/www.jonas-sibony.com\/site\/wp-json\/wp\/v2\/media?parent=809"}],"wp:term":[{"taxonomy":"category","embeddable":true,"href":"https:\/\/www.jonas-sibony.com\/site\/wp-json\/wp\/v2\/categories?post=809"},{"taxonomy":"post_tag","embeddable":true,"href":"https:\/\/www.jonas-sibony.com\/site\/wp-json\/wp\/v2\/tags?post=809"}],"curies":[{"name":"wp","href":"https:\/\/api.w.org\/{rel}","templated":true}]}}